{"id":861,"date":"2021-12-08T10:53:47","date_gmt":"2021-12-08T10:53:47","guid":{"rendered":"https:\/\/clubsportivpantheon.ro\/new\/?p=861"},"modified":"2023-03-05T10:58:02","modified_gmt":"2023-03-05T10:58:02","slug":"cupa-mos-craciun-la-judo","status":"publish","type":"post","link":"https:\/\/clubsportivpantheon.ro\/new\/2021\/12\/08\/cupa-mos-craciun-la-judo\/","title":{"rendered":"Cupa \u201eMo\u0219 Cr\u0103ciun\u201c la judo"},"content":{"rendered":"\n<p class=\"wp-block-paragraph\">\u00cencheiem anul cu \u00eenc\u0103 o competi\u021bie dedicat\u0103 celor mai mici judoka, Cupa \u201eMo\u0219 Cr\u0103ciun\u201c.<\/p>\n\n\n\n<p class=\"wp-block-paragraph\">\u00centrecerea este organizat\u0103 de Asocia\u021bia Jude\u021bean\u0103 de Judo Constan\u021ba, \u00een parteneriat cu Direc\u021bia Jude\u021bean\u0103 pentru Sport \u0219i Tineret Constan\u021ba.<\/p>\n\n\n\n<p class=\"wp-block-paragraph\">\u00centrecerile vor avea loc pe data de 18 decembrie, \u00eencep\u00e2nd cu ora 10, la Black Sea Dojo. La ele vor putea participa numai sportivi \u00eencep\u0103tori (centuri albe) n\u0103scu\u021bi \u00eentre 2007 \u0219i 2015.<\/p>\n\n\n\n<figure class=\"wp-block-image size-large\"><img loading=\"lazy\" decoding=\"async\" width=\"724\" height=\"1024\" src=\"https:\/\/clubsportivpantheon.ro\/new\/wp-content\/uploads\/2023\/03\/264840400_2115619285281327_291322971130424641_n-724x1024.jpg\" alt=\"\" class=\"wp-image-862\" srcset=\"https:\/\/clubsportivpantheon.ro\/new\/wp-content\/uploads\/2023\/03\/264840400_2115619285281327_291322971130424641_n-724x1024.jpg 724w, https:\/\/clubsportivpantheon.ro\/new\/wp-content\/uploads\/2023\/03\/264840400_2115619285281327_291322971130424641_n-212x300.jpg 212w, https:\/\/clubsportivpantheon.ro\/new\/wp-content\/uploads\/2023\/03\/264840400_2115619285281327_291322971130424641_n-768x1086.jpg 768w, https:\/\/clubsportivpantheon.ro\/new\/wp-content\/uploads\/2023\/03\/264840400_2115619285281327_291322971130424641_n-1087x1536.jpg 1087w, https:\/\/clubsportivpantheon.ro\/new\/wp-content\/uploads\/2023\/03\/264840400_2115619285281327_291322971130424641_n.jpg 1240w\" sizes=\"auto, (max-width: 724px) 100vw, 724px\" \/><\/figure>\n","protected":false},"excerpt":{"rendered":"<p>\u00cencheiem anul cu \u00eenc\u0103 o competi\u021bie dedicat\u0103 celor mai mici judoka, Cupa \u201eMo\u0219 Cr\u0103ciun\u201c. \u00centrecerea este organizat\u0103 de Asocia\u021bia Jude\u021bean\u0103 de Judo Constan\u021ba, \u00een parteneriat cu Direc\u021bia Jude\u021bean\u0103 pentru Sport \u0219i Tineret Constan\u021ba. \u00centrecerile vor avea loc pe data de 18 decembrie, \u00eencep\u00e2nd cu ora 10, la Black Sea Dojo. La ele vor putea participa [&hellip;]<\/p>\n","protected":false},"author":1,"featured_media":862,"comment_status":"open","ping_status":"open","sticky":false,"template":"","format":"standard","meta":{"footnotes":""},"categories":[7],"tags":[],"class_list":["post-861","post","type-post","status-publish","format-standard","has-post-thumbnail","hentry","category-evenimente"],"yoast_head":"<!-- This site is optimized with the Yoast SEO plugin v21.2 - https:\/\/yoast.com\/wordpress\/plugins\/seo\/ -->\n<title>Cupa \u201eMo\u0219 Cr\u0103ciun\u201c la judo - Club Sportiv Pantheon Constanta<\/title>\n<meta name=\"robots\" content=\"index, follow, max-snippet:-1, max-image-preview:large, max-video-preview:-1\" \/>\n<link rel=\"canonical\" href=\"https:\/\/clubsportivpantheon.ro\/new\/2021\/12\/08\/cupa-mos-craciun-la-judo\/\" \/>\n<meta property=\"og:locale\" content=\"ro_RO\" \/>\n<meta property=\"og:type\" content=\"article\" \/>\n<meta property=\"og:title\" content=\"Cupa \u201eMo\u0219 Cr\u0103ciun\u201c la judo - Club Sportiv Pantheon Constanta\" \/>\n<meta property=\"og:description\" content=\"\u00cencheiem anul cu \u00eenc\u0103 o competi\u021bie dedicat\u0103 celor mai mici judoka, Cupa \u201eMo\u0219 Cr\u0103ciun\u201c. \u00centrecerea este organizat\u0103 de Asocia\u021bia Jude\u021bean\u0103 de Judo Constan\u021ba, \u00een parteneriat cu Direc\u021bia Jude\u021bean\u0103 pentru Sport \u0219i Tineret Constan\u021ba. \u00centrecerile vor avea loc pe data de 18 decembrie, \u00eencep\u00e2nd cu ora 10, la Black Sea Dojo. La ele vor putea participa [&hellip;]\" \/>\n<meta property=\"og:url\" content=\"https:\/\/clubsportivpantheon.ro\/new\/2021\/12\/08\/cupa-mos-craciun-la-judo\/\" \/>\n<meta property=\"og:site_name\" content=\"Club Sportiv Pantheon Constanta\" \/>\n<meta property=\"article:publisher\" content=\"https:\/\/www.facebook.com\/profile.php?id=100057408521808\" \/>\n<meta property=\"article:published_time\" content=\"2021-12-08T10:53:47+00:00\" \/>\n<meta property=\"article:modified_time\" content=\"2023-03-05T10:58:02+00:00\" \/>\n<meta property=\"og:image\" content=\"https:\/\/clubsportivpantheon.ro\/new\/wp-content\/uploads\/2023\/03\/264840400_2115619285281327_291322971130424641_n.jpg\" \/>\n\t<meta property=\"og:image:width\" content=\"1240\" \/>\n\t<meta property=\"og:image:height\" content=\"1753\" \/>\n\t<meta property=\"og:image:type\" content=\"image\/jpeg\" \/>\n<meta name=\"author\" content=\"admin\" \/>\n<meta name=\"twitter:card\" content=\"summary_large_image\" \/>\n<meta name=\"twitter:label1\" content=\"Scris de\" \/>\n\t<meta name=\"twitter:data1\" content=\"admin\" \/>\n<script type=\"application\/ld+json\" class=\"yoast-schema-graph\">{\"@context\":\"https:\/\/schema.org\",\"@graph\":[{\"@type\":\"Article\",\"@id\":\"https:\/\/clubsportivpantheon.ro\/new\/2021\/12\/08\/cupa-mos-craciun-la-judo\/#article\",\"isPartOf\":{\"@id\":\"https:\/\/clubsportivpantheon.ro\/new\/2021\/12\/08\/cupa-mos-craciun-la-judo\/\"},\"author\":{\"name\":\"admin\",\"@id\":\"https:\/\/clubsportivpantheon.ro\/new\/#\/schema\/person\/284457295b555a4bbfd13697b1df60cd\"},\"headline\":\"Cupa \u201eMo\u0219 Cr\u0103ciun\u201c la judo\",\"datePublished\":\"2021-12-08T10:53:47+00:00\",\"dateModified\":\"2023-03-05T10:58:02+00:00\",\"mainEntityOfPage\":{\"@id\":\"https:\/\/clubsportivpantheon.ro\/new\/2021\/12\/08\/cupa-mos-craciun-la-judo\/\"},\"wordCount\":79,\"commentCount\":0,\"publisher\":{\"@id\":\"https:\/\/clubsportivpantheon.ro\/new\/#organization\"},\"articleSection\":[\"Evenimente\"],\"inLanguage\":\"ro-RO\",\"potentialAction\":[{\"@type\":\"CommentAction\",\"name\":\"Comment\",\"target\":[\"https:\/\/clubsportivpantheon.ro\/new\/2021\/12\/08\/cupa-mos-craciun-la-judo\/#respond\"]}]},{\"@type\":\"WebPage\",\"@id\":\"https:\/\/clubsportivpantheon.ro\/new\/2021\/12\/08\/cupa-mos-craciun-la-judo\/\",\"url\":\"https:\/\/clubsportivpantheon.ro\/new\/2021\/12\/08\/cupa-mos-craciun-la-judo\/\",\"name\":\"Cupa \u201eMo\u0219 Cr\u0103ciun\u201c la judo - Club Sportiv Pantheon Constanta\",\"isPartOf\":{\"@id\":\"https:\/\/clubsportivpantheon.ro\/new\/#website\"},\"datePublished\":\"2021-12-08T10:53:47+00:00\",\"dateModified\":\"2023-03-05T10:58:02+00:00\",\"breadcrumb\":{\"@id\":\"https:\/\/clubsportivpantheon.ro\/new\/2021\/12\/08\/cupa-mos-craciun-la-judo\/#breadcrumb\"},\"inLanguage\":\"ro-RO\",\"potentialAction\":[{\"@type\":\"ReadAction\",\"target\":[\"https:\/\/clubsportivpantheon.ro\/new\/2021\/12\/08\/cupa-mos-craciun-la-judo\/\"]}]},{\"@type\":\"BreadcrumbList\",\"@id\":\"https:\/\/clubsportivpantheon.ro\/new\/2021\/12\/08\/cupa-mos-craciun-la-judo\/#breadcrumb\",\"itemListElement\":[{\"@type\":\"ListItem\",\"position\":1,\"name\":\"Home\",\"item\":\"https:\/\/clubsportivpantheon.ro\/new\/\"},{\"@type\":\"ListItem\",\"position\":2,\"name\":\"Cupa \u201eMo\u0219 Cr\u0103ciun\u201c la judo\"}]},{\"@type\":\"WebSite\",\"@id\":\"https:\/\/clubsportivpantheon.ro\/new\/#website\",\"url\":\"https:\/\/clubsportivpantheon.ro\/new\/\",\"name\":\"Club Sportiv Pantheon Constanta\",\"description\":\"\",\"publisher\":{\"@id\":\"https:\/\/clubsportivpantheon.ro\/new\/#organization\"},\"potentialAction\":[{\"@type\":\"SearchAction\",\"target\":{\"@type\":\"EntryPoint\",\"urlTemplate\":\"https:\/\/clubsportivpantheon.ro\/new\/?s={search_term_string}\"},\"query-input\":\"required name=search_term_string\"}],\"inLanguage\":\"ro-RO\"},{\"@type\":\"Organization\",\"@id\":\"https:\/\/clubsportivpantheon.ro\/new\/#organization\",\"name\":\"Club Sportiv Pantheon Constanta\",\"url\":\"https:\/\/clubsportivpantheon.ro\/new\/\",\"logo\":{\"@type\":\"ImageObject\",\"inLanguage\":\"ro-RO\",\"@id\":\"https:\/\/clubsportivpantheon.ro\/new\/#\/schema\/logo\/image\/\",\"url\":\"https:\/\/clubsportivpantheon.ro\/new\/wp-content\/uploads\/2023\/01\/logo-cspan-300x48-1.png\",\"contentUrl\":\"https:\/\/clubsportivpantheon.ro\/new\/wp-content\/uploads\/2023\/01\/logo-cspan-300x48-1.png\",\"width\":300,\"height\":48,\"caption\":\"Club Sportiv Pantheon Constanta\"},\"image\":{\"@id\":\"https:\/\/clubsportivpantheon.ro\/new\/#\/schema\/logo\/image\/\"},\"sameAs\":[\"https:\/\/www.facebook.com\/profile.php?id=100057408521808\"]},{\"@type\":\"Person\",\"@id\":\"https:\/\/clubsportivpantheon.ro\/new\/#\/schema\/person\/284457295b555a4bbfd13697b1df60cd\",\"name\":\"admin\",\"image\":{\"@type\":\"ImageObject\",\"inLanguage\":\"ro-RO\",\"@id\":\"https:\/\/clubsportivpantheon.ro\/new\/#\/schema\/person\/image\/\",\"url\":\"https:\/\/clubsportivpantheon.ro\/new\/wp-content\/litespeed\/avatar\/d5eb94e76ffa8f2ac5522f20fcc9a6c6.jpg?ver=1787962649\",\"contentUrl\":\"https:\/\/clubsportivpantheon.ro\/new\/wp-content\/litespeed\/avatar\/d5eb94e76ffa8f2ac5522f20fcc9a6c6.jpg?ver=1787962649\",\"caption\":\"admin\"},\"sameAs\":[\"https:\/\/clubsportivpantheon.ro\/new\"],\"url\":\"https:\/\/clubsportivpantheon.ro\/new\/author\/admin\/\"}]}<\/script>\n<!-- \/ Yoast SEO plugin. -->","yoast_head_json":{"title":"Cupa \u201eMo\u0219 Cr\u0103ciun\u201c la judo - Club Sportiv Pantheon Constanta","robots":{"index":"index","follow":"follow","max-snippet":"max-snippet:-1","max-image-preview":"max-image-preview:large","max-video-preview":"max-video-preview:-1"},"canonical":"https:\/\/clubsportivpantheon.ro\/new\/2021\/12\/08\/cupa-mos-craciun-la-judo\/","og_locale":"ro_RO","og_type":"article","og_title":"Cupa \u201eMo\u0219 Cr\u0103ciun\u201c la judo - Club Sportiv Pantheon Constanta","og_description":"\u00cencheiem anul cu \u00eenc\u0103 o competi\u021bie dedicat\u0103 celor mai mici judoka, Cupa \u201eMo\u0219 Cr\u0103ciun\u201c. \u00centrecerea este organizat\u0103 de Asocia\u021bia Jude\u021bean\u0103 de Judo Constan\u021ba, \u00een parteneriat cu Direc\u021bia Jude\u021bean\u0103 pentru Sport \u0219i Tineret Constan\u021ba. \u00centrecerile vor avea loc pe data de 18 decembrie, \u00eencep\u00e2nd cu ora 10, la Black Sea Dojo. La ele vor putea participa [&hellip;]","og_url":"https:\/\/clubsportivpantheon.ro\/new\/2021\/12\/08\/cupa-mos-craciun-la-judo\/","og_site_name":"Club Sportiv Pantheon Constanta","article_publisher":"https:\/\/www.facebook.com\/profile.php?id=100057408521808","article_published_time":"2021-12-08T10:53:47+00:00","article_modified_time":"2023-03-05T10:58:02+00:00","og_image":[{"width":1240,"height":1753,"url":"https:\/\/clubsportivpantheon.ro\/new\/wp-content\/uploads\/2023\/03\/264840400_2115619285281327_291322971130424641_n.jpg","type":"image\/jpeg"}],"author":"admin","twitter_card":"summary_large_image","twitter_misc":{"Scris de":"admin"},"schema":{"@context":"https:\/\/schema.org","@graph":[{"@type":"Article","@id":"https:\/\/clubsportivpantheon.ro\/new\/2021\/12\/08\/cupa-mos-craciun-la-judo\/#article","isPartOf":{"@id":"https:\/\/clubsportivpantheon.ro\/new\/2021\/12\/08\/cupa-mos-craciun-la-judo\/"},"author":{"name":"admin","@id":"https:\/\/clubsportivpantheon.ro\/new\/#\/schema\/person\/284457295b555a4bbfd13697b1df60cd"},"headline":"Cupa \u201eMo\u0219 Cr\u0103ciun\u201c la judo","datePublished":"2021-12-08T10:53:47+00:00","dateModified":"2023-03-05T10:58:02+00:00","mainEntityOfPage":{"@id":"https:\/\/clubsportivpantheon.ro\/new\/2021\/12\/08\/cupa-mos-craciun-la-judo\/"},"wordCount":79,"commentCount":0,"publisher":{"@id":"https:\/\/clubsportivpantheon.ro\/new\/#organization"},"articleSection":["Evenimente"],"inLanguage":"ro-RO","potentialAction":[{"@type":"CommentAction","name":"Comment","target":["https:\/\/clubsportivpantheon.ro\/new\/2021\/12\/08\/cupa-mos-craciun-la-judo\/#respond"]}]},{"@type":"WebPage","@id":"https:\/\/clubsportivpantheon.ro\/new\/2021\/12\/08\/cupa-mos-craciun-la-judo\/","url":"https:\/\/clubsportivpantheon.ro\/new\/2021\/12\/08\/cupa-mos-craciun-la-judo\/","name":"Cupa \u201eMo\u0219 Cr\u0103ciun\u201c la judo - Club Sportiv Pantheon Constanta","isPartOf":{"@id":"https:\/\/clubsportivpantheon.ro\/new\/#website"},"datePublished":"2021-12-08T10:53:47+00:00","dateModified":"2023-03-05T10:58:02+00:00","breadcrumb":{"@id":"https:\/\/clubsportivpantheon.ro\/new\/2021\/12\/08\/cupa-mos-craciun-la-judo\/#breadcrumb"},"inLanguage":"ro-RO","potentialAction":[{"@type":"ReadAction","target":["https:\/\/clubsportivpantheon.ro\/new\/2021\/12\/08\/cupa-mos-craciun-la-judo\/"]}]},{"@type":"BreadcrumbList","@id":"https:\/\/clubsportivpantheon.ro\/new\/2021\/12\/08\/cupa-mos-craciun-la-judo\/#breadcrumb","itemListElement":[{"@type":"ListItem","position":1,"name":"Home","item":"https:\/\/clubsportivpantheon.ro\/new\/"},{"@type":"ListItem","position":2,"name":"Cupa \u201eMo\u0219 Cr\u0103ciun\u201c la judo"}]},{"@type":"WebSite","@id":"https:\/\/clubsportivpantheon.ro\/new\/#website","url":"https:\/\/clubsportivpantheon.ro\/new\/","name":"Club Sportiv Pantheon Constanta","description":"","publisher":{"@id":"https:\/\/clubsportivpantheon.ro\/new\/#organization"},"potentialAction":[{"@type":"SearchAction","target":{"@type":"EntryPoint","urlTemplate":"https:\/\/clubsportivpantheon.ro\/new\/?s={search_term_string}"},"query-input":"required name=search_term_string"}],"inLanguage":"ro-RO"},{"@type":"Organization","@id":"https:\/\/clubsportivpantheon.ro\/new\/#organization","name":"Club Sportiv Pantheon Constanta","url":"https:\/\/clubsportivpantheon.ro\/new\/","logo":{"@type":"ImageObject","inLanguage":"ro-RO","@id":"https:\/\/clubsportivpantheon.ro\/new\/#\/schema\/logo\/image\/","url":"https:\/\/clubsportivpantheon.ro\/new\/wp-content\/uploads\/2023\/01\/logo-cspan-300x48-1.png","contentUrl":"https:\/\/clubsportivpantheon.ro\/new\/wp-content\/uploads\/2023\/01\/logo-cspan-300x48-1.png","width":300,"height":48,"caption":"Club Sportiv Pantheon Constanta"},"image":{"@id":"https:\/\/clubsportivpantheon.ro\/new\/#\/schema\/logo\/image\/"},"sameAs":["https:\/\/www.facebook.com\/profile.php?id=100057408521808"]},{"@type":"Person","@id":"https:\/\/clubsportivpantheon.ro\/new\/#\/schema\/person\/284457295b555a4bbfd13697b1df60cd","name":"admin","image":{"@type":"ImageObject","inLanguage":"ro-RO","@id":"https:\/\/clubsportivpantheon.ro\/new\/#\/schema\/person\/image\/","url":"https:\/\/clubsportivpantheon.ro\/new\/wp-content\/litespeed\/avatar\/d5eb94e76ffa8f2ac5522f20fcc9a6c6.jpg?ver=1787962649","contentUrl":"https:\/\/clubsportivpantheon.ro\/new\/wp-content\/litespeed\/avatar\/d5eb94e76ffa8f2ac5522f20fcc9a6c6.jpg?ver=1787962649","caption":"admin"},"sameAs":["https:\/\/clubsportivpantheon.ro\/new"],"url":"https:\/\/clubsportivpantheon.ro\/new\/author\/admin\/"}]}},"_links":{"self":[{"href":"https:\/\/clubsportivpantheon.ro\/new\/wp-json\/wp\/v2\/posts\/861","targetHints":{"allow":["GET"]}}],"collection":[{"href":"https:\/\/clubsportivpantheon.ro\/new\/wp-json\/wp\/v2\/posts"}],"about":[{"href":"https:\/\/clubsportivpantheon.ro\/new\/wp-json\/wp\/v2\/types\/post"}],"author":[{"embeddable":true,"href":"https:\/\/clubsportivpantheon.ro\/new\/wp-json\/wp\/v2\/users\/1"}],"replies":[{"embeddable":true,"href":"https:\/\/clubsportivpantheon.ro\/new\/wp-json\/wp\/v2\/comments?post=861"}],"version-history":[{"count":1,"href":"https:\/\/clubsportivpantheon.ro\/new\/wp-json\/wp\/v2\/posts\/861\/revisions"}],"predecessor-version":[{"id":863,"href":"https:\/\/clubsportivpantheon.ro\/new\/wp-json\/wp\/v2\/posts\/861\/revisions\/863"}],"wp:featuredmedia":[{"embeddable":true,"href":"https:\/\/clubsportivpantheon.ro\/new\/wp-json\/wp\/v2\/media\/862"}],"wp:attachment":[{"href":"https:\/\/clubsportivpantheon.ro\/new\/wp-json\/wp\/v2\/media?parent=861"}],"wp:term":[{"taxonomy":"category","embeddable":true,"href":"https:\/\/clubsportivpantheon.ro\/new\/wp-json\/wp\/v2\/categories?post=861"},{"taxonomy":"post_tag","embeddable":true,"href":"https:\/\/clubsportivpantheon.ro\/new\/wp-json\/wp\/v2\/tags?post=861"}],"curies":[{"name":"wp","href":"https:\/\/api.w.org\/{rel}","templated":true}]}}